{"id":224647796,"date":"2023-09-15T22:45:33","date_gmt":"2023-09-16T02:45:33","guid":{"rendered":"https:\/\/phonescanada.com\/?p=224647796"},"modified":"2023-09-17T10:18:14","modified_gmt":"2023-09-17T14:18:14","slug":"mi-novembre-prevu-pour-les-dates-dexpedition-de-certains-modeles-diphone-15-pro-max","status":"publish","type":"post","link":"https:\/\/phonescanada.com\/fr\/mi-novembre-prevu-pour-les-dates-dexpedition-de-certains-modeles-diphone-15-pro-max\/","title":{"rendered":"Mi-novembre pr\u00e9vu pour les dates d&#039;exp\u00e9dition de certains mod\u00e8les d&#039;iPhone 15 Pro Max"},"content":{"rendered":"<p><span style=\"font-size: revert; color: initial;\">Alors que nous approchons de la fin du premier jour de pr\u00e9commandes de la s\u00e9rie iPhone 15 aux \u00c9tats-Unis, les dates d&#039;exp\u00e9dition de certains mod\u00e8les ont d\u00e9j\u00e0 \u00e9t\u00e9 repouss\u00e9es jusqu&#039;en novembre. Une lecture rapide des mod\u00e8les non Pro montre que la plupart d&#039;entre eux sont toujours dans les d\u00e9lais pour \u00eatre exp\u00e9di\u00e9s le 22 septembre, mais l&#039;iPhone 15 Pro et l&#039;iPhone 15 Pro pourraient vous faire attendre juste avant Thanksgiving.<\/span><\/p>\n<div>\n<p>Le seul mod\u00e8le non Pro qui ne sera pas livr\u00e9 imm\u00e9diatement est l&#039;iPhone 15 Plus en rose, exp\u00e9di\u00e9 entre le 2 et le 9 octobre sur les commandes pass\u00e9es via l&#039;Apple Store en ligne pour AT&amp;T, Verizon et T-Mobile. Cela couvre toutes les options de stockage de 128 Go, 256 Go et 512 Go.<\/p>\n<p>Selon la couleur que vous choisissez, une date d&#039;exp\u00e9dition en novembre est possible pour l&#039;iPhone 15 Pro Max. Le mod\u00e8le Natural Titanium s&#039;est av\u00e9r\u00e9 tr\u00e8s populaire puisque l&#039;Apple Store en ligne montre que ce mod\u00e8le, dans cette couleur, avec des commandes pass\u00e9es via les partenaires transporteurs d&#039;Apple Verizon et T-Mobile, ne sera exp\u00e9di\u00e9 que du 6 au 13 novembre, quel que soit le prix. qu&#039;il s&#039;agisse du mod\u00e8le 256 Go, 512 Go ou 1 To.<\/p>\n<div id=\"gallery-6aba06d9-e3ea-4e42-881c-06e9a1d8f42b\" class=\"single-image-container image-c\" style=\"width: 513px; max-width: 100%;\">\n<div class=\"gallery-item\"><picture style=\"padding-top: 92.397660818713%;\"><source media=\"(max-width: 350px)\" \/><source media=\"(min-width: 351px) and (max-width: 500px)\" \/><source media=\"(min-width: 501px) and (max-width: 800px)\" \/><\/picture><noscript><img decoding=\"async\" src=\"https:\/\/phonescanada.com\/wp-content\/uploads\/pro17.jpg\" alt=\"The iPhone 15 Pro and iPhone 15 Pro Max are powered by the first 3nm chipset included with a smartphone, the A17 Pro - Shipping dates for certain iPhone 15 Pro Max models are pushed out to mid-November\"\/><\/noscript><\/div>\n<p>L&#039;iPhone 15 Pro et l&#039;iPhone 15 Pro Max sont aliment\u00e9s par le premier chipset 3 nm inclus avec un smartphone, l&#039;A17 Pro.<\/p>\n<\/div>\n<\/div>\n<p>D&#039;autre part, l&#039;iPhone 15 Pro Max Black Titanium, command\u00e9 via l&#039;Apple Store en ligne pour Verizon et T-Mobile, a des dates d&#039;exp\u00e9dition du 16 au 23 octobre pour les trois options de stockage.<\/p>\n<h2>Pr\u00e9commandez votre iPhone 15 Pro ou iPhone 15 Pro Max ici et maintenant !<\/h2>\n<div>\n<p>L&#039;iPhone 15 Pro en Black Titanium pour T-Mobile indique les dates d&#039;exp\u00e9dition du 9 au 16 octobre pour l&#039;option de stockage de 128 Go, du 2 au 4 octobre pour le mod\u00e8le de 256 Go et du 9 au 16 octobre pour le mod\u00e8le de 512 Go. Cependant, la date d&#039;exp\u00e9dition initiale du 22 septembre est indiqu\u00e9e pour l&#039;unit\u00e9 de 1 To.<\/p>\n<p>Les commandes pour le m\u00eame mod\u00e8le exact pass\u00e9es sur l&#039;Apple Store en ligne pour AT&amp;T sont \u00e0 peu pr\u00e8s les m\u00eames, sauf en ce qui concerne le mod\u00e8le 1 To qui devrait \u00eatre exp\u00e9di\u00e9 du 9 au 16 octobre.<\/p>\n<p>Si vous n&#039;avez pas encore pr\u00e9command\u00e9 votre nouvelle s\u00e9rie d&#039;iPhone 15, gardez \u00e0 l&#039;esprit qu&#039;\u00e0 l&#039;approche d&#039;un week-end, nous pourrions voir les dates d&#039;exp\u00e9dition de certains mod\u00e8les Pro \u00eatre repouss\u00e9es encore plus longtemps.<\/p>\n<\/div>","protected":false},"excerpt":{"rendered":"<p>As we approach the end of the first day of iPhone 15 series pre-orders in the U.S., already the shipping dates of some models have been pushed back until November. A quick perusal of the non-Pro models shows that most of them are still on schedule to be shipped on September 22nd, but the iPhone [&hellip;]<\/p>\n","protected":false},"author":9,"featured_media":224647797,"comment_status":"open","ping_status":"closed","sticky":false,"template":"","format":"standard","meta":{"wds_primary_category":255,"footnotes":""},"categories":[255],"tags":[],"class_list":["post-224647796","post","type-post","status-publish","format-standard","has-post-thumbnail","hentry","category-apple-tips-news"],"_links":{"self":[{"href":"https:\/\/phonescanada.com\/fr\/wp-json\/wp\/v2\/posts\/224647796","targetHints":{"allow":["GET"]}}],"collection":[{"href":"https:\/\/phonescanada.com\/fr\/wp-json\/wp\/v2\/posts"}],"about":[{"href":"https:\/\/phonescanada.com\/fr\/wp-json\/wp\/v2\/types\/post"}],"author":[{"embeddable":true,"href":"https:\/\/phonescanada.com\/fr\/wp-json\/wp\/v2\/users\/9"}],"replies":[{"embeddable":true,"href":"https:\/\/phonescanada.com\/fr\/wp-json\/wp\/v2\/comments?post=224647796"}],"version-history":[{"count":0,"href":"https:\/\/phonescanada.com\/fr\/wp-json\/wp\/v2\/posts\/224647796\/revisions"}],"wp:featuredmedia":[{"embeddable":true,"href":"https:\/\/phonescanada.com\/fr\/wp-json\/wp\/v2\/media\/224647797"}],"wp:attachment":[{"href":"https:\/\/phonescanada.com\/fr\/wp-json\/wp\/v2\/media?parent=224647796"}],"wp:term":[{"taxonomy":"category","embeddable":true,"href":"https:\/\/phonescanada.com\/fr\/wp-json\/wp\/v2\/categories?post=224647796"},{"taxonomy":"post_tag","embeddable":true,"href":"https:\/\/phonescanada.com\/fr\/wp-json\/wp\/v2\/tags?post=224647796"}],"curies":[{"name":"wp","href":"https:\/\/api.w.org\/{rel}","templated":true}]}}