{"id":224683163,"date":"2024-01-01T20:56:05","date_gmt":"2024-01-02T01:56:05","guid":{"rendered":"https:\/\/phonescanada.com\/?p=224683163"},"modified":"2024-01-02T17:07:06","modified_gmt":"2024-01-02T22:07:06","slug":"apple-a-accompli-quelque-chose-lannee-precedente-quil-navait-pas-realise-depuis-2009","status":"publish","type":"post","link":"https:\/\/phonescanada.com\/fr\/apple-a-accompli-quelque-chose-lannee-precedente-quil-navait-pas-realise-depuis-2009\/","title":{"rendered":"Apple a accompli quelque chose l\u2019ann\u00e9e pr\u00e9c\u00e9dente qu\u2019il n\u2019avait pas r\u00e9alis\u00e9 depuis 2009."},"content":{"rendered":"<p>L&#039;ann\u00e9e derni\u00e8re, Apple a rompu sa propre tradition en ne lan\u00e7ant aucun nouveau mod\u00e8le d&#039;iPad en 2023. C&#039;\u00e9tait la premi\u00e8re fois depuis la sortie de l&#039;iPad original en 2010 que le g\u00e9ant de la technologie sautait un an sans sortir un nouveau mod\u00e8le d&#039;iPad. Selon Mig-Chi Kuo, analyste Apple fiable de TF International, il \u00e9tait pr\u00e9vu qu&#039;il n&#039;y aurait pas de nouveaux mod\u00e8les d&#039;iPad pour l&#039;ann\u00e9e 2023, et cela s&#039;est av\u00e9r\u00e9 vrai.<\/p>\n<p>Compte tenu de l&#039;absence de nouveaux iPad en 2023, on peut s&#039;attendre \u00e0 plusieurs nouvelles tablettes pour 2024. Kuo a partag\u00e9 ses attentes pour l&#039;ann\u00e9e, pr\u00e9disant qu&#039;Apple bouleverserait la gamme iPad Air en proposant deux variantes de l&#039;appareil. L\u2019un comportera un \u00e9cran de 10,9 pouces et l\u2019autre un \u00e9cran plus grand de 12,9 pouces, tous deux \u00e9ventuellement aliment\u00e9s par la puce M2. Les deux nouvelles tablettes iPad Air devraient \u00eatre fabriqu\u00e9es au cours du trimestre en cours.<\/p>\n<p>\u00c0 l\u2019avenir, Apple commencera la production en s\u00e9rie de deux mod\u00e8les d\u2019iPad Pro mis \u00e0 jour plus tard au cours du premier ou du deuxi\u00e8me trimestre. Les deux mod\u00e8les devraient \u00eatre \u00e9quip\u00e9s d\u2019un panneau OLED pour la premi\u00e8re fois dans l\u2019histoire de l\u2019iPad, d\u2019un facteur de forme am\u00e9lior\u00e9 et seront aliment\u00e9s par une puissante puce M3 de 3 nm.<\/p>\n<p>Apple vise \u00e0 distinguer les gammes iPad Air et iPad Pro en augmentant \u00e9ventuellement le prix des nouveaux mod\u00e8les d&#039;iPad Pro afin de maintenir un \u00e9cart de prix entre les deux gammes de tablettes. Cependant, Kuo sugg\u00e8re qu&#039;il pourrait y avoir une certaine cannibalisation par le nouvel iPad Air de 12,9 pouces. De plus, la production de la prochaine it\u00e9ration de l\u2019iPad mini devrait commencer au cours du second semestre 2024, avec l\u2019iPad de base de 11e g\u00e9n\u00e9ration.<\/p>\n<p>Il est clair qu&#039;Apple travaillera \u00e0 la sortie de nouveaux iPad tout au long de l&#039;ann\u00e9e pour compenser la morosit\u00e9 de 2023. La soci\u00e9t\u00e9 esp\u00e8re g\u00e9n\u00e9rer des affaires aupr\u00e8s de ceux qui n&#039;ont pas mis \u00e0 niveau leur iPad depuis des ann\u00e9es en actualisant la gamme. Pour m\u00e9moire, le dernier iPad sorti par Apple \u00e9tait l&#039;iPad de 10e g\u00e9n\u00e9ration le 26 octobre 2022.<\/p>","protected":false},"excerpt":{"rendered":"<p>Last year Apple broke its own tradition by not releasing any new iPad models in 2023. This marked the first time since the original iPad&#8217;s release in 2010 that the tech giant skipped a year without bringing out a new iPad model. According to TF International&#8217;s reliable Apple analyst Mig-Chi Kuo, it was predicted that [&hellip;]<\/p>\n","protected":false},"author":9,"featured_media":224683164,"comment_status":"open","ping_status":"closed","sticky":false,"template":"","format":"standard","meta":{"wds_primary_category":255,"footnotes":""},"categories":[255],"tags":[],"class_list":["post-224683163","post","type-post","status-publish","format-standard","has-post-thumbnail","hentry","category-apple-tips-news"],"_links":{"self":[{"href":"https:\/\/phonescanada.com\/fr\/wp-json\/wp\/v2\/posts\/224683163","targetHints":{"allow":["GET"]}}],"collection":[{"href":"https:\/\/phonescanada.com\/fr\/wp-json\/wp\/v2\/posts"}],"about":[{"href":"https:\/\/phonescanada.com\/fr\/wp-json\/wp\/v2\/types\/post"}],"author":[{"embeddable":true,"href":"https:\/\/phonescanada.com\/fr\/wp-json\/wp\/v2\/users\/9"}],"replies":[{"embeddable":true,"href":"https:\/\/phonescanada.com\/fr\/wp-json\/wp\/v2\/comments?post=224683163"}],"version-history":[{"count":0,"href":"https:\/\/phonescanada.com\/fr\/wp-json\/wp\/v2\/posts\/224683163\/revisions"}],"wp:featuredmedia":[{"embeddable":true,"href":"https:\/\/phonescanada.com\/fr\/wp-json\/wp\/v2\/media\/224683164"}],"wp:attachment":[{"href":"https:\/\/phonescanada.com\/fr\/wp-json\/wp\/v2\/media?parent=224683163"}],"wp:term":[{"taxonomy":"category","embeddable":true,"href":"https:\/\/phonescanada.com\/fr\/wp-json\/wp\/v2\/categories?post=224683163"},{"taxonomy":"post_tag","embeddable":true,"href":"https:\/\/phonescanada.com\/fr\/wp-json\/wp\/v2\/tags?post=224683163"}],"curies":[{"name":"wp","href":"https:\/\/api.w.org\/{rel}","templated":true}]}}