{"id":224693463,"date":"2024-02-26T03:03:25","date_gmt":"2024-02-26T08:03:25","guid":{"rendered":"https:\/\/phonescanada.com\/?p=224693463"},"modified":"2024-02-26T11:27:22","modified_gmt":"2024-02-26T16:27:22","slug":"apercu-exclusif-realme-12-5g-pret-a-elever-la-gamme-realme-12-pro","status":"publish","type":"post","link":"https:\/\/phonescanada.com\/fr\/apercu-exclusif-realme-12-5g-pret-a-elever-la-gamme-realme-12-pro\/","title":{"rendered":"Aper\u00e7u exclusif : Realme 12 5G pr\u00eat \u00e0 \u00e9lever la gamme Realme 12 Pro"},"content":{"rendered":"<p>Introducing the Realme 12 5G: Joining the Realme 12 Pro Series<\/p>\n<p>The Realme 12 Pro and Realme 12 Pro+ have already made quite an impact, but now it\u2019s time for a new addition to the family \u2013 the Realme 12 5G. While the Pro models may not be traditional flagships in terms of price, they certainly pack a punch with their impressive features.<\/p>\n<p>Let\u2019s take a closer look at what the Realme 12 Pro and Pro+ have to offer:<br \/>\n\u2013 The Realme 12 Pro+ boasts a massive 6.7-inch OLED display with a high refresh rate and touch sampling rate.<br \/>\n\u2013 Powered by a Qualcomm Snapdragon chipset, this phone comes with generous RAM and internal storage options.<br \/>\n\u2013 The standout feature of the Pro+ is its triple camera setup, fine-tuned in collaboration with an Oscar-winning cinematographer for stunning photos.<\/p>\n<p>But enough about the Pro models, let\u2019s shift our focus to the upcoming Realme 12 5G:<br \/>\n\u2013 Judging by various certifications, including BIS, FCC, and TUV Rheinland, it seems that Realme is gearing up to launch the Realme 12 5G.<br \/>\n\u2013 The model number RMX3999 has been associated with this device, with a battery capacity rumored to be around 5,000mAh.<br \/>\n\u2013 Expect support for essential connectivity features like 5G, dual-band Wi-Fi, Bluetooth, and NFC on this device.<br \/>\n\u2013 Running on Realme UI 5 (potentially based on Android 14 OS), the Realme 12 5G is set to deliver a smooth user experience.<br \/>\n\u2013 The circular camera module on this phone hints at impressive camera capabilities, including a large aperture for stunning shots.<\/p>\n<p>Stay tuned for more updates on the Realme 12 series as we wait for further details on the exciting new additions. Phones Canada is your go-to source for all things telecommunications \u2013 providing you with insights into the latest devices and trends in the industry.<\/p>","protected":false},"excerpt":{"rendered":"<p>Introducing the Realme 12 5G: Joining the Realme 12 Pro Series The Realme 12 Pro and Realme 12 Pro+ have already made quite an impact, but now it&#8217;s time for a new addition to the family &#8211; the Realme 12 5G. While the Pro models may not be traditional flagships in terms of price, they [&hellip;]<\/p>\n","protected":false},"author":9,"featured_media":224693464,"comment_status":"open","ping_status":"closed","sticky":false,"template":"","format":"standard","meta":{"wds_primary_category":255,"footnotes":""},"categories":[255],"tags":[],"class_list":["post-224693463","post","type-post","status-publish","format-standard","has-post-thumbnail","hentry","category-apple-tips-news"],"_links":{"self":[{"href":"https:\/\/phonescanada.com\/fr\/wp-json\/wp\/v2\/posts\/224693463","targetHints":{"allow":["GET"]}}],"collection":[{"href":"https:\/\/phonescanada.com\/fr\/wp-json\/wp\/v2\/posts"}],"about":[{"href":"https:\/\/phonescanada.com\/fr\/wp-json\/wp\/v2\/types\/post"}],"author":[{"embeddable":true,"href":"https:\/\/phonescanada.com\/fr\/wp-json\/wp\/v2\/users\/9"}],"replies":[{"embeddable":true,"href":"https:\/\/phonescanada.com\/fr\/wp-json\/wp\/v2\/comments?post=224693463"}],"version-history":[{"count":0,"href":"https:\/\/phonescanada.com\/fr\/wp-json\/wp\/v2\/posts\/224693463\/revisions"}],"wp:featuredmedia":[{"embeddable":true,"href":"https:\/\/phonescanada.com\/fr\/wp-json\/wp\/v2\/media\/224693464"}],"wp:attachment":[{"href":"https:\/\/phonescanada.com\/fr\/wp-json\/wp\/v2\/media?parent=224693463"}],"wp:term":[{"taxonomy":"category","embeddable":true,"href":"https:\/\/phonescanada.com\/fr\/wp-json\/wp\/v2\/categories?post=224693463"},{"taxonomy":"post_tag","embeddable":true,"href":"https:\/\/phonescanada.com\/fr\/wp-json\/wp\/v2\/tags?post=224693463"}],"curies":[{"name":"wp","href":"https:\/\/api.w.org\/{rel}","templated":true}]}}