{"id":224693927,"date":"2024-02-27T08:12:44","date_gmt":"2024-02-27T13:12:44","guid":{"rendered":"https:\/\/phonescanada.com\/?p=224693927"},"modified":"2024-02-27T10:53:48","modified_gmt":"2024-02-27T15:53:48","slug":"debloquez-votre-connexion-le-blog-iphone-au-canada-par-le-bureau-de-la-concurrence","status":"publish","type":"post","link":"https:\/\/phonescanada.com\/fr\/debloquez-votre-connexion-le-blog-iphone-au-canada-par-le-bureau-de-la-concurrence\/","title":{"rendered":"D\u00e9bloquez votre connexion\u00a0: le blog iPhone au Canada par le Bureau de la concurrence"},"content":{"rendered":"<p>Depuis la fusion Rogers-Shaw, les forfaits de t\u00e9l\u00e9phonie cellulaire dans l&#039;Ouest canadien ont vu leurs prix augmenter, selon Jeanne Pratt, sous-commissaire principale aux fusions et aux pratiques monopolistiques du Bureau de la concurrence. Pratt a exprim\u00e9 ses inqui\u00e9tudes quant \u00e0 la hausse des co\u00fbts suite \u00e0 l&#039;acquisition de Shaw par Rogers en avril dernier, soulignant les prix comp\u00e9titifs de Shaw en Colombie-Britannique et en Alberta avant la fusion.<\/p>\n<p>Lors d&#039;un r\u00e9cent t\u00e9moignage devant le comit\u00e9 de l&#039;industrie de la Chambre des communes, les observations de Pratt faisaient partie d&#039;une discussion plus large sur l&#039;accessibilit\u00e9 et l&#039;abordabilit\u00e9 des services sans fil et \u00e0 large bande au Canada. Les repr\u00e9sentants du Conseil de la radiodiffusion et des t\u00e9l\u00e9communications canadiennes (CRTC) ont \u00e9galement partag\u00e9 leurs points de vue au cours de cette s\u00e9ance.<\/p>\n<p>Rogers a r\u00e9pondu \u00e0 ces pr\u00e9occupations en d\u00e9clarant que les prix de ses offres actuelles dans l&#039;Ouest canadien et \u00e0 l&#039;\u00e9chelle nationale n&#039;ont pas augment\u00e9 depuis la fusion. Ils ont soulign\u00e9 leur engagement \u00e0 geler les prix pendant cinq ans pour les 500 000 clients Shaw Mobile qu&#039;ils ont acquis.<\/p>\n<p>Les d\u00e9put\u00e9s avaient d\u00e9j\u00e0 not\u00e9 une augmentation moyenne du $5 pour certains clients de Rogers et de Bell Canada en janvier. Le Bureau de la concurrence s&#039;est oppos\u00e9 \u00e0 l&#039;accord Rogers-Shaw d&#039;un montant de $26 milliards, invoquant des inqui\u00e9tudes concernant une concurrence r\u00e9duite entra\u00eenant des co\u00fbts plus \u00e9lev\u00e9s et une r\u00e9duction des choix pour les consommateurs. Cependant, la Cour d&#039;appel f\u00e9d\u00e9rale a confirm\u00e9 la fusion en se fondant sur les conclusions du Tribunal de la concurrence selon lesquelles la concurrence ne serait pas affect\u00e9e de mani\u00e8re significative.<\/p>\n<p>Pour l\u2019avenir, le comit\u00e9 de l\u2019industrie pr\u00e9voit entendre les dirigeants de Rogers et de Telus. Le d\u00e9put\u00e9 n\u00e9o-d\u00e9mocrate Brian Masse a propos\u00e9 une motion visant \u00e0 obliger les \u00ab trois grands \u00bb PDG \u00e0 y assister s&#039;ils n&#039;acceptent pas l&#039;invitation.<\/p>\n<p>\u00c0 la lumi\u00e8re de ces d\u00e9veloppements, Scott Hutton du CRTC a soulign\u00e9 une baisse de 16% des prix des services de t\u00e9l\u00e9communications au cours de la derni\u00e8re ann\u00e9e, selon les donn\u00e9es de l&#039;indice des prix \u00e0 la consommation. Il a mis l&#039;accent sur la surveillance continue des prix des services de t\u00e9l\u00e9phonie mobile afin d&#039;\u00e9viter une tendance \u00e0 la hausse des co\u00fbts.<\/p>\n<p>Alors que nous traversons ces changements dans le paysage des t\u00e9l\u00e9communications apr\u00e8s la fusion, il est essentiel d\u2019assurer une concurrence continue et un prix abordable pour les consommateurs partout au Canada. Restez \u00e0 l\u2019\u00e9coute pour plus de mises \u00e0 jour sur cette situation en \u00e9volution alors que nous nous effor\u00e7ons de fournir des services de t\u00e9l\u00e9communications accessibles et rentables \u00e0 l\u2019\u00e9chelle nationale.<\/p>","protected":false},"excerpt":{"rendered":"<p>Since the Rogers-Shaw merger, cellphone plans in Western Canada have seen a price increase, according to Jeanne Pratt, the Competition Bureau\u2019s Senior Deputy Commissioner of Mergers and Monopolistic Practices. Pratt expressed concerns about rising costs following the acquisition of Shaw by Rogers last April, highlighting Shaw&#8217;s competitive pricing in British Columbia and Alberta before the [&hellip;]<\/p>\n","protected":false},"author":9,"featured_media":224693928,"comment_status":"open","ping_status":"closed","sticky":false,"template":"","format":"standard","meta":{"wds_primary_category":255,"footnotes":""},"categories":[255],"tags":[],"class_list":["post-224693927","post","type-post","status-publish","format-standard","has-post-thumbnail","hentry","category-apple-tips-news"],"_links":{"self":[{"href":"https:\/\/phonescanada.com\/fr\/wp-json\/wp\/v2\/posts\/224693927","targetHints":{"allow":["GET"]}}],"collection":[{"href":"https:\/\/phonescanada.com\/fr\/wp-json\/wp\/v2\/posts"}],"about":[{"href":"https:\/\/phonescanada.com\/fr\/wp-json\/wp\/v2\/types\/post"}],"author":[{"embeddable":true,"href":"https:\/\/phonescanada.com\/fr\/wp-json\/wp\/v2\/users\/9"}],"replies":[{"embeddable":true,"href":"https:\/\/phonescanada.com\/fr\/wp-json\/wp\/v2\/comments?post=224693927"}],"version-history":[{"count":0,"href":"https:\/\/phonescanada.com\/fr\/wp-json\/wp\/v2\/posts\/224693927\/revisions"}],"wp:featuredmedia":[{"embeddable":true,"href":"https:\/\/phonescanada.com\/fr\/wp-json\/wp\/v2\/media\/224693928"}],"wp:attachment":[{"href":"https:\/\/phonescanada.com\/fr\/wp-json\/wp\/v2\/media?parent=224693927"}],"wp:term":[{"taxonomy":"category","embeddable":true,"href":"https:\/\/phonescanada.com\/fr\/wp-json\/wp\/v2\/categories?post=224693927"},{"taxonomy":"post_tag","embeddable":true,"href":"https:\/\/phonescanada.com\/fr\/wp-json\/wp\/v2\/tags?post=224693927"}],"curies":[{"name":"wp","href":"https:\/\/api.w.org\/{rel}","templated":true}]}}