{"id":224697522,"date":"2024-03-17T15:17:15","date_gmt":"2024-03-17T19:17:15","guid":{"rendered":"https:\/\/phonescanada.com\/?p=224697522"},"modified":"2024-03-18T13:58:19","modified_gmt":"2024-03-18T17:58:19","slug":"exciting-news-potential-release-of-new-airpods-model-with-active-noise-cancellation-in-2021","status":"publish","type":"post","link":"https:\/\/phonescanada.com\/fr\/exciting-news-potential-release-of-new-airpods-model-with-active-noise-cancellation-in-2021\/","title":{"rendered":"Nouvelles passionnantes\u00a0: sortie potentielle d\u2019un nouveau mod\u00e8le d\u2019AirPods avec suppression active du bruit en 2021"},"content":{"rendered":"<p>Apple se pr\u00e9pare \u00e0 lancer cette ann\u00e9e deux nouveaux mod\u00e8les d\u2019AirPods, rempla\u00e7ant les versions de deuxi\u00e8me et troisi\u00e8me g\u00e9n\u00e9ration. Selon la derni\u00e8re newsletter Power On de Mark Gurman, Apple pr\u00e9sentera une nouvelle variante d&#039;AirPods d&#039;entr\u00e9e de gamme avec le num\u00e9ro de mod\u00e8le B768(E) et une version interm\u00e9diaire avec le num\u00e9ro de mod\u00e8le B768(M). La production devrait commencer en mai dans les installations de GoerTek Inc. et Luxshare Precision Industry Co., avec une date de sortie pr\u00e9vue en septembre ou octobre.<\/p>\n<p>Les principaux points forts des nouveaux AirPod comprennent\u00a0:<br \/>\n\u2013 Un nouveau design pour un meilleur ajustement<br \/>\n\u2013 Port de chargement USB-C sur les bo\u00eetiers au lieu du port Lightning<br \/>\n\u2013 Mod\u00e8le milieu de gamme dot\u00e9 d\u2019une suppression active du bruit (une premi\u00e8re pour les mod\u00e8les non AirPods Pro)<br \/>\n\u2013 Fonction Localiser mes haut-parleurs sur le bo\u00eetier pour localiser les \u00e9couteurs \u00e9gar\u00e9s<\/p>\n<p>Apple pr\u00e9voit d&#039;augmenter consid\u00e9rablement sa production, dans le but de fabriquer 20 \u00e0 25 millions d&#039;unit\u00e9s de nouveaux AirPod cette ann\u00e9e. De plus, des mises \u00e0 jour logicielles sont attendues avec la version iOS 18, y compris un mode aide auditive pour les utilisateurs d&#039;AirPods Pro, leur permettant d&#039;utiliser les \u00e9couteurs haut de gamme comme aide auditive.<\/p>\n<p>Pour l\u2019avenir, Apple explore des fonctionnalit\u00e9s innovantes pour les futurs mod\u00e8les d\u2019AirPods\u00a0:<br \/>\n\u2013 Possibilit\u00e9 d\u2019ajouter une fonction de test auditif<br \/>\n\u2013 D\u00e9veloppement d\u2019un mod\u00e8le d\u2019AirPods \u00e9quip\u00e9 d\u2019une cam\u00e9ra basse r\u00e9solution pour montrer l\u2019environnement<\/p>\n<p>Restez \u00e0 l\u2019\u00e9coute pour plus de mises \u00e0 jour sur ces d\u00e9veloppements passionnants d\u2019Apple alors qu\u2019ils continuent d\u2019innover dans le domaine de la technologie audio sans fil.<\/p>","protected":false},"excerpt":{"rendered":"<p>Apple is gearing up to launch two new AirPods models this year, replacing the second and third-generation versions. According to Mark Gurman&#8217;s latest Power On newsletter, Apple will introduce a new entry-level AirPods variant with the model number B768(E) and a mid-tier version with the model number B768(M). Production is set to commence in May [&hellip;]<\/p>\n","protected":false},"author":9,"featured_media":224697523,"comment_status":"open","ping_status":"closed","sticky":false,"template":"","format":"standard","meta":{"wds_primary_category":255,"footnotes":""},"categories":[255],"tags":[],"class_list":["post-224697522","post","type-post","status-publish","format-standard","has-post-thumbnail","hentry","category-apple-tips-news"],"_links":{"self":[{"href":"https:\/\/phonescanada.com\/fr\/wp-json\/wp\/v2\/posts\/224697522","targetHints":{"allow":["GET"]}}],"collection":[{"href":"https:\/\/phonescanada.com\/fr\/wp-json\/wp\/v2\/posts"}],"about":[{"href":"https:\/\/phonescanada.com\/fr\/wp-json\/wp\/v2\/types\/post"}],"author":[{"embeddable":true,"href":"https:\/\/phonescanada.com\/fr\/wp-json\/wp\/v2\/users\/9"}],"replies":[{"embeddable":true,"href":"https:\/\/phonescanada.com\/fr\/wp-json\/wp\/v2\/comments?post=224697522"}],"version-history":[{"count":0,"href":"https:\/\/phonescanada.com\/fr\/wp-json\/wp\/v2\/posts\/224697522\/revisions"}],"wp:featuredmedia":[{"embeddable":true,"href":"https:\/\/phonescanada.com\/fr\/wp-json\/wp\/v2\/media\/224697523"}],"wp:attachment":[{"href":"https:\/\/phonescanada.com\/fr\/wp-json\/wp\/v2\/media?parent=224697522"}],"wp:term":[{"taxonomy":"category","embeddable":true,"href":"https:\/\/phonescanada.com\/fr\/wp-json\/wp\/v2\/categories?post=224697522"},{"taxonomy":"post_tag","embeddable":true,"href":"https:\/\/phonescanada.com\/fr\/wp-json\/wp\/v2\/tags?post=224697522"}],"curies":[{"name":"wp","href":"https:\/\/api.w.org\/{rel}","templated":true}]}}