{"id":224700481,"date":"2024-04-04T17:39:34","date_gmt":"2024-04-04T21:39:34","guid":{"rendered":"https:\/\/phonescanada.com\/?p=224700481"},"modified":"2024-04-07T10:54:15","modified_gmt":"2024-04-07T14:54:15","slug":"exciting-news-apples-highly-anticipated-ipad-launch-faces-delay-phones-canada-updates","status":"publish","type":"post","link":"https:\/\/phonescanada.com\/fr\/exciting-news-apples-highly-anticipated-ipad-launch-faces-delay-phones-canada-updates\/","title":{"rendered":"Nouvelles passionnantes\u00a0: le lancement tr\u00e8s attendu de l&#039;iPad par Apple risque d&#039;\u00eatre retard\u00e9 \u2013 Mises \u00e0 jour de Phones Canada"},"content":{"rendered":"<p>Une nouvelle passionnante pour les fans d\u2019Apple\u00a0! La sortie tr\u00e8s attendue des nouveaux mod\u00e8les d&#039;iPad Pro et d&#039;iPad Air a \u00e9t\u00e9 retard\u00e9e, mais rassurez-vous, ils sont en route. Voici ce que vous devez savoir\u00a0:<\/p>\n<p>\u2013 Des sp\u00e9culations circulent depuis des mois sur les nouveaux mod\u00e8les d\u2019iPad, avec des dates de sortie d\u00e9cal\u00e9es de mars \u00e0 avril et visant d\u00e9sormais d\u00e9but mai.<br \/>\n\u2013 Les revers de production li\u00e9s aux objectifs des appareils photo ont entra\u00een\u00e9 des retards, mais Apple travaille dur pour surmonter ces d\u00e9fis.<br \/>\n\u2013 Les nouveaux mod\u00e8les d\u2019iPad Pro devraient comporter la puissante puce M3, des \u00e9crans OLED, des conceptions plus fines et \u00e9ventuellement un chargement sans fil MagSafe.<br \/>\n\u2013 Deux nouveaux mod\u00e8les d\u2019iPad Air dot\u00e9s de la puce M2 sont \u00e9galement en pr\u00e9paration, dont une variante de 12,9 pouces.<br \/>\n\u2013 Parall\u00e8lement aux nouveaux iPad, Apple pourrait d\u00e9voiler un Magic Keyboard rafra\u00eechi avec des am\u00e9liorations de conception et un nouvel Apple Pencil dot\u00e9 de fonctionnalit\u00e9s int\u00e9ressantes telles qu&#039;un potentiel geste de \u00ab pression \u00bb.<\/p>\n<p>Restez \u00e0 l&#039;\u00e9coute pour plus de mises \u00e0 jour alors que nous attendons avec impatience le lancement de ces appareils de pointe d&#039;Apple. Pr\u00e9parez-vous \u00e0 d\u00e9couvrir les derni\u00e8res technologies et innovations\u00a0!<\/p>","protected":false},"excerpt":{"rendered":"<p>Exciting news for Apple fans! The highly anticipated release of new iPad Pro and iPad Air models has been delayed, but rest assured, they are on the way. Here&#8217;s what you need to know: &#8211; Speculations have been circulating for months about the new iPad models, with release dates shifting from March to April and [&hellip;]<\/p>\n","protected":false},"author":9,"featured_media":224700482,"comment_status":"open","ping_status":"closed","sticky":false,"template":"","format":"standard","meta":{"wds_primary_category":255,"footnotes":""},"categories":[255],"tags":[],"class_list":["post-224700481","post","type-post","status-publish","format-standard","has-post-thumbnail","hentry","category-apple-tips-news"],"_links":{"self":[{"href":"https:\/\/phonescanada.com\/fr\/wp-json\/wp\/v2\/posts\/224700481","targetHints":{"allow":["GET"]}}],"collection":[{"href":"https:\/\/phonescanada.com\/fr\/wp-json\/wp\/v2\/posts"}],"about":[{"href":"https:\/\/phonescanada.com\/fr\/wp-json\/wp\/v2\/types\/post"}],"author":[{"embeddable":true,"href":"https:\/\/phonescanada.com\/fr\/wp-json\/wp\/v2\/users\/9"}],"replies":[{"embeddable":true,"href":"https:\/\/phonescanada.com\/fr\/wp-json\/wp\/v2\/comments?post=224700481"}],"version-history":[{"count":0,"href":"https:\/\/phonescanada.com\/fr\/wp-json\/wp\/v2\/posts\/224700481\/revisions"}],"wp:featuredmedia":[{"embeddable":true,"href":"https:\/\/phonescanada.com\/fr\/wp-json\/wp\/v2\/media\/224700482"}],"wp:attachment":[{"href":"https:\/\/phonescanada.com\/fr\/wp-json\/wp\/v2\/media?parent=224700481"}],"wp:term":[{"taxonomy":"category","embeddable":true,"href":"https:\/\/phonescanada.com\/fr\/wp-json\/wp\/v2\/categories?post=224700481"},{"taxonomy":"post_tag","embeddable":true,"href":"https:\/\/phonescanada.com\/fr\/wp-json\/wp\/v2\/tags?post=224700481"}],"curies":[{"name":"wp","href":"https:\/\/api.w.org\/{rel}","templated":true}]}}