{"id":224705704,"date":"2024-04-28T19:19:27","date_gmt":"2024-04-28T23:19:27","guid":{"rendered":"https:\/\/phonescanada.com\/?p=224705704"},"modified":"2024-04-28T19:19:27","modified_gmt":"2024-04-28T23:19:27","slug":"apple-sapprete-a-dominer-le-marche-des-tablettes-avec-le-puissant-ipad-pro-m4-phones-canada","status":"publish","type":"post","link":"https:\/\/phonescanada.com\/fr\/apple-sapprete-a-dominer-le-marche-des-tablettes-avec-le-puissant-ipad-pro-m4-phones-canada\/","title":{"rendered":"Apple s\u2019appr\u00eate \u00e0 dominer le march\u00e9 des tablettes avec le puissant iPad Pro M4 \u2013 Phones Canada"},"content":{"rendered":"<p>Apple est une fois de plus pr\u00eat \u00e0 dominer le march\u00e9 des tablettes avec sa prochaine gamme d&#039;iPad Pro. Selon la rumeur, les tablettes seraient aliment\u00e9es par la puce M3, mais il semble maintenant qu&#039;Apple ait quelque chose d&#039;encore plus puissant dans sa manche : la puce M4.<\/p>\n<p>Selon la derni\u00e8re newsletter de Mark Gurman sur Power On de Bloomberg, il existe une \u00ab forte possibilit\u00e9 \u00bb que l&#039;iPad Pro soit \u00e9quip\u00e9 de la nouvelle puce M4. Cette puce, succ\u00e9dant \u00e0 la M3 lanc\u00e9e il y a \u00e0 peine cinq mois, serait dot\u00e9e de capacit\u00e9s de traitement IA qui \u00e9tabliront une nouvelle norme en mati\u00e8re de performances.<\/p>\n<p>La puce M4 devrait comporter un nouveau moteur neuronal et des capacit\u00e9s d&#039;IA avanc\u00e9es, positionnant l&#039;iPad Pro comme le premier appareil v\u00e9ritablement aliment\u00e9 par l&#039;IA d&#039;Apple. Cette d\u00e9cision s&#039;aligne sur les tendances du secteur o\u00f9 les produits ax\u00e9s sur l&#039;IA gagnent en popularit\u00e9, et Apple ne veut pas \u00eatre laiss\u00e9 pour compte dans cette course.<\/p>\n<p>Le d\u00e9voilement du nouvel iPad Pro est pr\u00e9vu le 7 mai lors de l&#039;\u00e9v\u00e9nement \u00ab Let Loose \u00bb, o\u00f9 Apple pr\u00e9sentera \u00e9galement de nouveaux accessoires comme un Apple Pencil avec retour haptique. En pr\u00e9sentant un produit ax\u00e9 sur l&#039;IA avant la Conf\u00e9rence mondiale des d\u00e9veloppeurs (WWDC) de juin, Apple peut facilement discuter de son avanc\u00e9e dans l&#039;IA pendant l&#039;\u00e9v\u00e9nement et souligner comment la puce M4 b\u00e9n\u00e9ficiera des fonctionnalit\u00e9s d&#039;IA dans iPadOS 18 plus tard cette ann\u00e9e.<\/p>\n<p>En plus de la puissante puce M4, des rumeurs sugg\u00e8rent que la prochaine gamme d&#039;iPad Pro comportera \u00e9galement un \u00e9cran OLED. Si ces sp\u00e9culations se v\u00e9rifient, la nouvelle tablette d&#039;Apple surpassera sans aucun doute ses concurrents. Avec des appareils aliment\u00e9s par la puce M3 d\u00e9j\u00e0 plus performants que les meilleures tablettes Android, il est passionnant d&#039;imaginer \u00e0 quel point le nouvel iPad Pro sera plus rapide et efficace.<\/p>\n<p>Restez \u00e0 l\u2019\u00e9coute pour plus de mises \u00e0 jour sur cette version r\u00e9volutionnaire d\u2019Apple alors qu\u2019ils continuent de repousser les limites de la technologie et de l\u2019innovation.<\/p>","protected":false},"excerpt":{"rendered":"<p>Apple is once again ready to dominate the tablet market with its upcoming iPad Pro lineup. The tablets were originally rumored to be powered by the M3 chip, but it now seems like Apple has something even more powerful up its sleeve &#8211; the M4 chip. According to Mark Gurman&#8217;s latest newsletter on Bloomberg&#8217;s Power [&hellip;]<\/p>\n","protected":false},"author":9,"featured_media":224705705,"comment_status":"open","ping_status":"closed","sticky":false,"template":"","format":"standard","meta":{"wds_primary_category":255,"footnotes":""},"categories":[255],"tags":[],"class_list":["post-224705704","post","type-post","status-publish","format-standard","has-post-thumbnail","hentry","category-apple-tips-news"],"_links":{"self":[{"href":"https:\/\/phonescanada.com\/fr\/wp-json\/wp\/v2\/posts\/224705704","targetHints":{"allow":["GET"]}}],"collection":[{"href":"https:\/\/phonescanada.com\/fr\/wp-json\/wp\/v2\/posts"}],"about":[{"href":"https:\/\/phonescanada.com\/fr\/wp-json\/wp\/v2\/types\/post"}],"author":[{"embeddable":true,"href":"https:\/\/phonescanada.com\/fr\/wp-json\/wp\/v2\/users\/9"}],"replies":[{"embeddable":true,"href":"https:\/\/phonescanada.com\/fr\/wp-json\/wp\/v2\/comments?post=224705704"}],"version-history":[{"count":0,"href":"https:\/\/phonescanada.com\/fr\/wp-json\/wp\/v2\/posts\/224705704\/revisions"}],"wp:featuredmedia":[{"embeddable":true,"href":"https:\/\/phonescanada.com\/fr\/wp-json\/wp\/v2\/media\/224705705"}],"wp:attachment":[{"href":"https:\/\/phonescanada.com\/fr\/wp-json\/wp\/v2\/media?parent=224705704"}],"wp:term":[{"taxonomy":"category","embeddable":true,"href":"https:\/\/phonescanada.com\/fr\/wp-json\/wp\/v2\/categories?post=224705704"},{"taxonomy":"post_tag","embeddable":true,"href":"https:\/\/phonescanada.com\/fr\/wp-json\/wp\/v2\/tags?post=224705704"}],"curies":[{"name":"wp","href":"https:\/\/api.w.org\/{rel}","templated":true}]}}